{"id":1655,"date":"2025-06-02T18:29:13","date_gmt":"2025-06-02T16:29:13","guid":{"rendered":"http:\/\/dgg-ev-bonn.de\/?p=1655"},"modified":"2025-06-02T18:29:13","modified_gmt":"2025-06-02T16:29:13","slug":"2-juni-2025-erinnerung-an-den-internationalen-hurentag-warum-nicht-aus-aktuellem-anlass-mit-schuelerinnen-und-schuelern-darueber-reden","status":"publish","type":"post","link":"http:\/\/dgg-ev-bonn.de\/index.php\/2025\/06\/02\/2-juni-2025-erinnerung-an-den-internationalen-hurentag-warum-nicht-aus-aktuellem-anlass-mit-schuelerinnen-und-schuelern-darueber-reden\/","title":{"rendered":"2. Juni 2025 &#8211; Erinnerung an den internationalen Hurentag: Warum nicht aus aktuellem Anlass mit Sch\u00fclerinnen und sch\u00fclern dar\u00fcber reden."},"content":{"rendered":"\n<p>Der <strong>Internationale Hurentag<\/strong>, in englischsprachigen L\u00e4ndern <strong>International Sex Workers\u2019 Day<\/strong> genannt, ist ein inoffizieller <a href=\"https:\/\/de.wikipedia.org\/wiki\/Gedenktag\">Gedenktag<\/a>, der an die <a href=\"https:\/\/de.wikipedia.org\/wiki\/Diskriminierung\">Diskriminierung<\/a> von <a href=\"https:\/\/de.wikipedia.org\/wiki\/Prostituierte\">Prostituierten<\/a> und deren oftmals ausbeuterische Lebens- und Arbeitsbedingungen erinnert. Der Gedenktag wird seit 1976 j\u00e4hrlich am <a href=\"https:\/\/de.wikipedia.org\/wiki\/2._Juni\">2.\u00a0Juni<\/a> zelebriert. <\/p>\n\n\n\n<p>Im Unterricht l\u00e4sst sich trefflich ermutigen, zum Thema und Problem zu recherchieren, um die gefundenen Anworten zu diskutieren. Ein beitrag, Empathie und Respekt anzubehnen.<\/p>\n","protected":false},"excerpt":{"rendered":"<p>Der Internationale Hurentag, in englischsprachigen L\u00e4ndern International Sex Workers\u2019 Day genannt, ist ein inoffizieller Gedenktag, der an die Diskriminierung von<\/p>\n","protected":false},"author":2,"featured_media":0,"comment_status":"closed","ping_status":"open","sticky":false,"template":"","format":"standard","meta":{"footnotes":""},"categories":[1],"tags":[],"class_list":["post-1655","post","type-post","status-publish","format-standard","hentry","category-allgemein"],"_links":{"self":[{"href":"http:\/\/dgg-ev-bonn.de\/index.php\/wp-json\/wp\/v2\/posts\/1655","targetHints":{"allow":["GET"]}}],"collection":[{"href":"http:\/\/dgg-ev-bonn.de\/index.php\/wp-json\/wp\/v2\/posts"}],"about":[{"href":"http:\/\/dgg-ev-bonn.de\/index.php\/wp-json\/wp\/v2\/types\/post"}],"author":[{"embeddable":true,"href":"http:\/\/dgg-ev-bonn.de\/index.php\/wp-json\/wp\/v2\/users\/2"}],"replies":[{"embeddable":true,"href":"http:\/\/dgg-ev-bonn.de\/index.php\/wp-json\/wp\/v2\/comments?post=1655"}],"version-history":[{"count":1,"href":"http:\/\/dgg-ev-bonn.de\/index.php\/wp-json\/wp\/v2\/posts\/1655\/revisions"}],"predecessor-version":[{"id":1656,"href":"http:\/\/dgg-ev-bonn.de\/index.php\/wp-json\/wp\/v2\/posts\/1655\/revisions\/1656"}],"wp:attachment":[{"href":"http:\/\/dgg-ev-bonn.de\/index.php\/wp-json\/wp\/v2\/media?parent=1655"}],"wp:term":[{"taxonomy":"category","embeddable":true,"href":"http:\/\/dgg-ev-bonn.de\/index.php\/wp-json\/wp\/v2\/categories?post=1655"},{"taxonomy":"post_tag","embeddable":true,"href":"http:\/\/dgg-ev-bonn.de\/index.php\/wp-json\/wp\/v2\/tags?post=1655"}],"curies":[{"name":"wp","href":"https:\/\/api.w.org\/{rel}","templated":true}]}}