{"id":1652,"date":"2025-05-28T13:20:46","date_gmt":"2025-05-28T11:20:46","guid":{"rendered":"http:\/\/dgg-ev-bonn.de\/?p=1652"},"modified":"2025-05-28T13:20:46","modified_gmt":"2025-05-28T11:20:46","slug":"28-mai-2025-weltmenstruatiostag-wmt-bzw-mhd-warum-ist-das-grundsaetzlich-ein-weltweites-thema-und-warum-sollte-die-schule-dabei-mitmachen","status":"publish","type":"post","link":"http:\/\/dgg-ev-bonn.de\/index.php\/2025\/05\/28\/28-mai-2025-weltmenstruatiostag-wmt-bzw-mhd-warum-ist-das-grundsaetzlich-ein-weltweites-thema-und-warum-sollte-die-schule-dabei-mitmachen\/","title":{"rendered":"28. Mai 2025 &#8211; Weltmenstruatiostag WMT bzw MHD: warum ist das grunds\u00e4tzlich ein weltweites Thema und warum sollte die Schule dabei mitmachen?"},"content":{"rendered":"\n<div data-wp-interactive=\"core\/file\" class=\"wp-block-file\"><object data-wp-bind--hidden=\"!state.hasPdfPreview\" hidden class=\"wp-block-file__embed\" data=\"http:\/\/dgg-ev-bonn.de\/wp-content\/uploads\/2025\/05\/WMT.pdf\" type=\"application\/pdf\" style=\"width:100%;height:600px\" aria-label=\"Einbettung von WMT.\"><\/object><a id=\"wp-block-file--media-3f302a22-ff3a-4dcb-beb8-095be06808d2\" href=\"http:\/\/dgg-ev-bonn.de\/wp-content\/uploads\/2025\/05\/WMT.pdf\">WMT<\/a><a href=\"http:\/\/dgg-ev-bonn.de\/wp-content\/uploads\/2025\/05\/WMT.pdf\" class=\"wp-block-file__button wp-element-button\" download aria-describedby=\"wp-block-file--media-3f302a22-ff3a-4dcb-beb8-095be06808d2\">Herunterladen<\/a><\/div>\n\n\n\n<p>Der gesetzesbasierte f\u00e4cher\u00fcbergreifende Unterricht zur Sexualaufkl\u00e4rung aller Klassen aller Schularten findet hier mehrere Ansatzpunkte.<\/p>\n\n\n\n<p>\u201eDas kaum mehr geh\u00f6rte Team-Teaching b\u00f6te sich an, um gemeinsam im Kollegium mit Sch\u00fclerinnen und Sch\u00fclern und au\u00dferschulischen S(E)xperten ein Projekt didaktisch-methodisch zu gestalten\u201c, so der P\u00e4dagoge Linus Dietz, der Pr\u00e4sident der DGG. Da lie\u00dfen sich dann die vorgeschriebenen Jahresthemen &#8211; leicht ver\u00e4ndert in den unterschiedlichen Bundesl\u00e4ndern &#8211; drumherum gruppieren<\/p>\n\n\n\n<h3 class=\"wp-block-heading\"><img loading=\"lazy\" decoding=\"async\" src=\"\" alt=\"Textfeld: Sternchen hinter Frau* oder Mann* (https:\/\/rise-jugendkultur.de\/glossar\/sternchen-hinter-frau-oder-mann\/) - Das Sternchen hinter einer Geschlechtszuschreibung soll die soziale Konstruiertheit dieser Zuschreibung hervorheben. Kategorien wie Mann-\/Frausein sind danach nicht \u201enat\u00fcrlich\u201c, sondern werden in einem Prozess geschlechtlicher Sozialisierung erlernt und angeeignet. Dar\u00fcber hinaus betont das Sternchen, dass die Bezeichnung allen Personen offen ist, die sich mit dem Geschlecht identifizieren.\n\n\" width=\"202\" height=\"156\">Wieso dieser Tag ein weltweites Thema sein soll? Warum nicht nur f\u00fcr die Frau*?<\/h3>\n\n\n\n<h3 class=\"wp-block-heading\">Weil es u. a. auch um den <a href=\"%C3%96kologischen%20Fu%C3%9Fabdruck%20\">\u00d6kologischen Fu\u00dfabdruck <\/a>geht. <em>Exemplarisch : <a href=\"https:\/\/erdbeerwoche.com\/meine-umwelt\/oekologischer-fussabdruck\/\">https:\/\/erdbeerwoche.com\/meine-umwelt\/oekologischer-fussabdruck\/<\/a><\/em>.<\/h3>\n\n\n\n<h3 class=\"wp-block-heading\">Der \u00f6kologische Fu\u00dfabdruck gibt die Umweltauswirkungen (Treibhausgasemissionen) an, die Menstruationsprodukte bei der Herstellung, Nutzung und Entsorgung verursachen.<\/h3>\n\n\n\n<p>Menstruationsprodukte sind nicht nur f\u00fcr jede einzelne Frau* von gro\u00dfer Relevanz, sondern ein Thema von globaler Bedeutung. J\u00e4hrlich landen weltweit rund 45 Milliarden <a href=\"https:\/\/erdbeerwoche.com\/meine-produkte\/bio-tampon\/\">Tampons<\/a> bzw. <a href=\"https:\/\/erdbeerwoche.com\/meine-produkte\/bio-binde-slipeinlage\/\">Binden<\/a> auf den <a href=\"https:\/\/erdbeerwoche.com\/meine-umwelt\/muellproblem\/\">M\u00fcllhalden<\/a> unseres Planeten.&nbsp;<\/p>\n\n\n\n<p>Doch Menstruation und die Auswirkungen von Monatshygiene sind nicht nur ein Thema f\u00fcr die Umwelt \u2013 es geht um Bildung, um das Empowerment von M\u00e4dchen, um Aufkl\u00e4rung von <a href=\"https:\/\/erdbeerwoche.com\/period-positive\/maennersache\/\">M\u00e4nnern<\/a>, um die reproduktive Gesundheit auf unserem Planeten und letztlich auch um dich!<\/p>\n\n\n\n<p>Informationen zu diesem Tag f\u00fcr ein individuelles \u201eAHA\u201c exemplarisch: <em><a href=\"https:\/\/erdbeerwoche.com\/menstruation-international\/\">https:\/\/erdbeerwoche.com\/menstruation-international\/<\/a><\/em><\/p>\n\n\n\n<p>Hier bleibt kaum eine Frage unbeantwortet, bis hin zur Frage: <a href=\"https:\/\/erdbeerwoche.com\/category\/period-positive\/maennersache\/\">M\u00e4nnersache<\/a> &gt; Interview mit einem menstruierenden Mann.<\/p>\n\n\n\n<p>F\u00fcr die schulische Aufkl\u00e4rung gibt es zahlreiche helfen wollende Angebote. Exemplarisch f\u00fcr heute: Hier gehts zur digitalen Lernplattform rund um die Periode: <a href=\"https:\/\/www.ready-for-red.at\/start\/\">READY FOR RED.<\/a> <em>https:\/\/www.ready-for-red.at\/start\/<\/em><\/p>\n\n\n\n<p>Um auf globaler Ebene auf die Bedeutung und die Auswirkungen des Themas Menstruation aufmerksam zu machen, wurde der <a href=\"https:\/\/menstrualhygieneday.org\/\">Menstrual Hygiene Day<\/a> ins Leben gerufen. Jedes Jahr starten \u00fcber 500 Organisationen weltweit Aktionen, um das Thema Menstruation und ihre gesellschaftlichen Auswirkungen wieder st\u00e4rker in den Mittelpunkt zu r\u00fccken.<\/p>\n\n\n\n<p>Aufkl\u00e4rung ist und bleibt notwendig: M\u00e4nnliche Kinder, Jugendliche, Teenager, gestandene M\u00e4nner haben eklatante Wissensl\u00fccken. Aber auch alle anderen. Die Wissensl\u00fccken insgesamt nicht nur beim Thema Menstruation f\u00fchren oft zu Missverst\u00e4ndnissen.<\/p>\n\n\n\n<p>Wie kommt es dazu?&nbsp; Menstruationsaufkl\u00e4rung wurde in den letzten Jahrzehnten in der Schulaufkl\u00e4rung leider stark vernachl\u00e4ssigt. Das hat dazu gef\u00fchrt, dass sich viele Mythen hartn\u00e4ckig halten.<\/p>\n\n\n\n<p>Jede und jeder kann ich seinen wichtigen Beitrag zur Ent-Tabuisierung der Menstruation leisten. Faktenwissen unterst\u00fctzt und motiviert: (<a href=\"https:\/\/erdbeerwoche.com\/period-positive\/maennersache\/\">https:\/\/erdbeerwoche.com\/period-positive\/maennersache\/<\/a>) belegen: Wusstest du, dass&#8230;<\/p>\n\n\n\n<p>1. 70% der Jungs das Thema Menstruation peinlich findet?<\/p>\n\n\n\n<p>2. 53% der Jungs im Alter von 11-16 Jahren glauben, Menstruation dient der Verh\u00fctung?<\/p>\n\n\n\n<p>3. nur jeder 3. Junge&nbsp; \u00fcberhaupt wei\u00df, was der Begriff Menstruation bedeutet?<\/p>\n\n\n\n<p>4. f\u00fcr Jungs der wichtigste Aufkl\u00e4rungsort f\u00fcr Menstruation die Schule ist?<\/p>\n\n\n\n<p>Ist das nicht ein guter Grund, im Schulunterricht dabei \u201egender\u00fcbergreifend\u201c mitzumachen?<\/p>\n","protected":false},"excerpt":{"rendered":"<p>Der gesetzesbasierte f\u00e4cher\u00fcbergreifende Unterricht zur Sexualaufkl\u00e4rung aller Klassen aller Schularten findet hier mehrere Ansatzpunkte. \u201eDas kaum mehr geh\u00f6rte Team-Teaching b\u00f6te<\/p>\n","protected":false},"author":2,"featured_media":0,"comment_status":"closed","ping_status":"open","sticky":false,"template":"","format":"standard","meta":{"footnotes":""},"categories":[1],"tags":[],"class_list":["post-1652","post","type-post","status-publish","format-standard","hentry","category-allgemein"],"_links":{"self":[{"href":"http:\/\/dgg-ev-bonn.de\/index.php\/wp-json\/wp\/v2\/posts\/1652","targetHints":{"allow":["GET"]}}],"collection":[{"href":"http:\/\/dgg-ev-bonn.de\/index.php\/wp-json\/wp\/v2\/posts"}],"about":[{"href":"http:\/\/dgg-ev-bonn.de\/index.php\/wp-json\/wp\/v2\/types\/post"}],"author":[{"embeddable":true,"href":"http:\/\/dgg-ev-bonn.de\/index.php\/wp-json\/wp\/v2\/users\/2"}],"replies":[{"embeddable":true,"href":"http:\/\/dgg-ev-bonn.de\/index.php\/wp-json\/wp\/v2\/comments?post=1652"}],"version-history":[{"count":1,"href":"http:\/\/dgg-ev-bonn.de\/index.php\/wp-json\/wp\/v2\/posts\/1652\/revisions"}],"predecessor-version":[{"id":1654,"href":"http:\/\/dgg-ev-bonn.de\/index.php\/wp-json\/wp\/v2\/posts\/1652\/revisions\/1654"}],"wp:attachment":[{"href":"http:\/\/dgg-ev-bonn.de\/index.php\/wp-json\/wp\/v2\/media?parent=1652"}],"wp:term":[{"taxonomy":"category","embeddable":true,"href":"http:\/\/dgg-ev-bonn.de\/index.php\/wp-json\/wp\/v2\/categories?post=1652"},{"taxonomy":"post_tag","embeddable":true,"href":"http:\/\/dgg-ev-bonn.de\/index.php\/wp-json\/wp\/v2\/tags?post=1652"}],"curies":[{"name":"wp","href":"https:\/\/api.w.org\/{rel}","templated":true}]}}