{"id":1339,"date":"2025-03-20T16:09:09","date_gmt":"2025-03-20T15:09:09","guid":{"rendered":"http:\/\/dgg-ev-bonn.de\/?p=1339"},"modified":"2025-03-20T16:09:09","modified_gmt":"2025-03-20T15:09:09","slug":"28-mai-weltmenstruationstag-mhd-world-menstrual-hygiene-day-2023-3","status":"publish","type":"post","link":"http:\/\/dgg-ev-bonn.de\/index.php\/2025\/03\/20\/28-mai-weltmenstruationstag-mhd-world-menstrual-hygiene-day-2023-3\/","title":{"rendered":"28. Mai &#8211; Weltmenstruationstag MHD &#8211; World Menstrual Hygiene Day &#8211; 2023"},"content":{"rendered":"\n<p><strong>Die DGG-Empfehlung von Linus Dietz: \u201eWieder ein guter Tag, um den \u201efruchtbaren Moment (Copei) f\u00fcr sexualp\u00e4dagogische Aufkl\u00e4rung im Sinne der verbindlichen Richtlinien zur schulischen Sexualbildung zu nutzen f\u00fcr Sch\u00fclerinnen und Sch\u00fcler und ihre Eltern, &#8211; in diesem Falle auch f\u00fcr die mit der Erziehung professionell Befassten\u201c: \u00a0recherchieren, forschen, profitieren!\u201c<\/strong><\/p>\n\n\n\n<p><strong><u>Exemplarisch einige Empfehlungen dazu aus dem Netz<\/u><\/strong><\/p>\n\n\n\n<figure class=\"wp-block-embed is-type-wp-embed is-provider-vulvani wp-block-embed-vulvani\"><div class=\"wp-block-embed__wrapper\">\n<blockquote class=\"wp-embedded-content\" data-secret=\"RU9yyTXh8T\"><a href=\"https:\/\/www.vulvani.com\/weltmenstruationstag-2020-meine-persoenlichen-wuensche\">Weltmenstruationstag: Meine pers\u00f6nlichen W\u00fcnsche<\/a><\/blockquote><iframe loading=\"lazy\" class=\"wp-embedded-content\" sandbox=\"allow-scripts\" security=\"restricted\" style=\"position: absolute; clip: rect(1px, 1px, 1px, 1px);\" title=\"&#8222;Weltmenstruationstag: Meine pers\u00f6nlichen W\u00fcnsche&#8220; &#8212; Vulvani\" src=\"https:\/\/www.vulvani.com\/weltmenstruationstag-2020-meine-persoenlichen-wuensche\/embed#?secret=KQ0xKRG9QB#?secret=RU9yyTXh8T\" data-secret=\"RU9yyTXh8T\" width=\"600\" height=\"338\" frameborder=\"0\" marginwidth=\"0\" marginheight=\"0\" scrolling=\"no\"><\/iframe>\n<\/div><\/figure>\n\n\n\n<p>Am 28.Mai ist Weltmenstruationstag, also lasst uns die Periode heute geb\u00fchrend feiern! Aus Periodensicht ist das Datum leicht zu erkl\u00e4ren: Eine&nbsp;<a href=\"https:\/\/www.vulvani.com\/ist-meine-periode-normal-alles-ueber-deine-menstruation\">durchschnittliche Menstruation<\/a>&nbsp;dauert f\u00fcnf Tage und findet alle 28 Tage statt (Ausnahmen best\u00e4tigen die Regelung, denn viele Zyklen weichen von diesem Durchschnittswert ab). Die&nbsp;<a href=\"https:\/\/www.wash-united.org\/\">NGO WASH United<\/a>&nbsp;hat diesen Tag im Jahre 2013 ins Leben gerufen, um auf die Herausforderungen, die Menschen weltweit aufgrund ihrer Menstruation meistern m\u00fcssen, aufmerksam zu machen. Offiziell hei\u00dft der Tag&nbsp;<a href=\"https:\/\/menstrualhygieneday.org\/about\/about-mhday\/\">\u201aMenstrual Hygiene Day\u2019<\/a>. Ich pers\u00f6nlich spreche aber lieber von \u201aWeltmenstruationstag\u2019, das klingt f\u00fcr mich neutraler. Denn das Wort \u201aHygiene\u2019 bringt doch eher Assoziationen von unrein oder schmutzig mit sich. W\u00f6rter, die aus meiner Sicht, nichts mit der Periode zu tun&nbsp;haben.<\/p>\n\n\n\n<p><strong>Das Grundproblem: \u00dcber Menstruation wird nicht gesprochen<\/strong><\/p>\n","protected":false},"excerpt":{"rendered":"<p>Die DGG-Empfehlung von Linus Dietz: \u201eWieder ein guter Tag, um den \u201efruchtbaren Moment (Copei) f\u00fcr sexualp\u00e4dagogische Aufkl\u00e4rung im Sinne der<\/p>\n","protected":false},"author":2,"featured_media":0,"comment_status":"closed","ping_status":"open","sticky":false,"template":"","format":"standard","meta":{"footnotes":""},"categories":[3],"tags":[],"class_list":["post-1339","post","type-post","status-publish","format-standard","hentry","category-didaktik-und-methodik"],"_links":{"self":[{"href":"http:\/\/dgg-ev-bonn.de\/index.php\/wp-json\/wp\/v2\/posts\/1339","targetHints":{"allow":["GET"]}}],"collection":[{"href":"http:\/\/dgg-ev-bonn.de\/index.php\/wp-json\/wp\/v2\/posts"}],"about":[{"href":"http:\/\/dgg-ev-bonn.de\/index.php\/wp-json\/wp\/v2\/types\/post"}],"author":[{"embeddable":true,"href":"http:\/\/dgg-ev-bonn.de\/index.php\/wp-json\/wp\/v2\/users\/2"}],"replies":[{"embeddable":true,"href":"http:\/\/dgg-ev-bonn.de\/index.php\/wp-json\/wp\/v2\/comments?post=1339"}],"version-history":[{"count":1,"href":"http:\/\/dgg-ev-bonn.de\/index.php\/wp-json\/wp\/v2\/posts\/1339\/revisions"}],"predecessor-version":[{"id":1639,"href":"http:\/\/dgg-ev-bonn.de\/index.php\/wp-json\/wp\/v2\/posts\/1339\/revisions\/1639"}],"wp:attachment":[{"href":"http:\/\/dgg-ev-bonn.de\/index.php\/wp-json\/wp\/v2\/media?parent=1339"}],"wp:term":[{"taxonomy":"category","embeddable":true,"href":"http:\/\/dgg-ev-bonn.de\/index.php\/wp-json\/wp\/v2\/categories?post=1339"},{"taxonomy":"post_tag","embeddable":true,"href":"http:\/\/dgg-ev-bonn.de\/index.php\/wp-json\/wp\/v2\/tags?post=1339"}],"curies":[{"name":"wp","href":"https:\/\/api.w.org\/{rel}","templated":true}]}}