{"id":1136,"date":"2022-02-08T11:58:00","date_gmt":"2022-02-08T10:58:00","guid":{"rendered":"http:\/\/dgg-ev-bonn.de\/?p=1136"},"modified":"2022-02-07T11:58:42","modified_gmt":"2022-02-07T10:58:42","slug":"8-2-2022-safer-internet-day-fit-fuer-die-demokratie-stark-fuer-die-gesellschaft","status":"publish","type":"post","link":"http:\/\/dgg-ev-bonn.de\/index.php\/2022\/02\/08\/8-2-2022-safer-internet-day-fit-fuer-die-demokratie-stark-fuer-die-gesellschaft\/","title":{"rendered":"8.2.2022 &#8211; Safer Internet Day &#8211; \u201eWenn Internet, dann Hirn einschalten, &#8211; das eigene!\u201c"},"content":{"rendered":"\n<p>Die DGG unterst\u00fctzt und begleitet seit vielen Jahren theoretisch und praktisch die bundesweiten Veranstaltungen und die digitale Kampagne. Al<\/p>\n\n\n\n<h3 class=\"wp-block-heading\">Der internationale Safer Internet Day 2022 findet am 8. Februar statt. Unter dem Motto \u201eFit f\u00fcr die Demokratie \u2013 Stark f\u00fcr die Gesellschaft\u201c ruft die Initiative der Europ\u00e4ischen Kommission weltweit zu Veranstaltungen und Aktionen rund um das Thema Internetsicherheit auf. Auch zum SID 2022 initiiert und koordiniert klicksafe in Deutschland die nationalen Aktivit\u00e4ten mit dem Ziel, m\u00f6glichst viele Akteure und Institutionen f\u00fcr den weltweiten Aktionstag zu gewinnen, und auch in diesem Jahr bieten klicksafe und zahlreiche Institutionen in ganz Deutschland digitale Veranstaltungen und interaktive Wissensangebote an. In sozialen Medien wird der Aktionstag mit den Hashtags #FitForDemocracy sowie #SID2022 diskutiert und begleitet.<\/h3>\n\n\n\n<h3 class=\"wp-block-heading\">Zum Dossier Safer Internet Day 2022<\/h3>\n\n\n\n<h3 class=\"wp-block-heading\"><a href=\"https:\/\/www.bildungsserver.de\/nachricht.html?nachricht_id=306\">https:\/\/www.bildungsserver.de\/nachricht.html?nachricht_id=306<\/a><\/h3>\n\n\n\n<h3 class=\"wp-block-heading\">Zu allen Infos zum Aktionstag<\/h3>\n\n\n\n<h3 class=\"wp-block-heading\"><a href=\"https:\/\/www.bildungsserver.de\/veranstaltung.html?veranstaltungen_id=32364\">https:\/\/www.bildungsserver.de\/veranstaltung.html?veranstaltungen_id=32364<\/a><\/h3>\n\n\n\n<p><\/p>\n\n\n\n<h4 class=\"wp-block-heading\">TIPPS 2007 der Schule der Gesch\u00e4ftsstelle<\/h4>\n\n\n\n<p><strong>Rektor aD Linus Dietz:<\/strong>&nbsp;&nbsp;<\/p>\n\n\n\n<p><span style=\"text-decoration: underline;\">F\u00fcr Eltern und Erziehungsberechtigte, auch Lehrkr\u00e4fte:<\/span><\/p>\n\n\n\n<p>&#8222;Verbote n\u00fctzen nichts, &#8211; schon gar nicht, wenn es um sexuelle Inhalte geht! Geboten bleibt der altersgem\u00e4\u00dfe Erwerb von Medien- (und wohl auch in gewissem Sinne: Porno-) Kompetenz durch p\u00e4dagogisch einf\u00fchlsame realistische Anleitung! Begleiten Sie Kinder &#8211; die Sch\u00fclerinnen und Sch\u00fcler &#8211; bei ihren ersten ONLINE-Erfahrungen!\u201c&nbsp;<\/p>\n\n\n\n<p><span style=\"text-decoration: underline;\">F\u00fcr die Sch\u00fclerinnen und Sch\u00fcler:<\/span> \u201eWenn du das Internet n\u00fctzt, dann vergiss nicht, das Hirn einzuschalten, &#8211; das eigene!\u201c<\/p>\n\n\n\n<p><strong>Systembetreuer Martin Zilker<\/strong>:&nbsp;\u201e Kinder und Jugendliche werden im Netz unter Umst\u00e4nden mit ungeeigneten Inhalten konfrontiert. Die beste Grundlage bietet der bewusste, kompetente und selbst bestimmte Umgang mit dem unverzichtbaren Medium Internet.\u201c&nbsp;<\/p>\n\n\n\n<p><strong>Beauftragter f\u00fcr die Entwicklung von e-learning Bertram Wagner:<\/strong>&nbsp;\u201eDer verantwortbare Umgang mit dem Internet in der Schule und privat ist lernbar. Die Profession der Lehrkraft gebietet auch, sich selbst auf diesem Gebiete auf Augenh\u00f6he mit den Sch\u00fclern zu bewegen \u201c.&nbsp;<\/p>\n\n\n\n<p><strong>Sch\u00fclersprecher Oleg Rochlin:&nbsp;<\/strong>\u201eAn der Walle Schule k\u00f6nnen wir unbeobachtet und kostenfrei f\u00fcr den Unterricht und in Ma\u00dfen auch privat surfen. Chats werden kritisch beobachtet, weil rassistische, frauenfeindliche, menschenunw\u00fcrdige und sexistische Inhalte leider an der Tagesordnung sind\u201c.&nbsp;<\/p>\n\n\n\n<p><strong>Sch\u00fclersprecherin Melissa Dacheneder:<\/strong>&nbsp;\u201eDass das Thema im Schulunterricht nicht ausgeklammert wird, finde ich super. Auch dass wir die entsprechende Ger\u00e4tschaft und den Internetzugang daf\u00fcr haben. Das ist wohl nicht \u00fcberall selbstverst\u00e4ndlich. Eigentlich schade, dass die Intenet-Disziplin \u00b4Nettiquette` fehlt!\u201c<\/p>\n\n\n\n<ol class=\"wp-block-list\" type=\"1\"><li><strong>Sto\u00dft ihr auf Seiten, die euch merkw\u00fcrdig vorkommen, zeigt sie&nbsp;euren Eltern oder einer&nbsp;Person eures Vertrauens!<\/strong><\/li><li><strong>Gebt niemals pers\u00f6nliche Daten (Name, Adresse, Telefonnummer oder&nbsp;Fotos, Kontonummer) weiter!<\/strong><\/li><li><strong>\u00d6ffnet keine E-Mails von Leuten, die ihr nicht kennt! Sie k\u00f6nnten einen&nbsp;zerst\u00f6renden Virus enthalten!<\/strong><\/li><li><strong>Verratet nie euer Passwort und \u00e4ndert es regelm\u00e4\u00dfig!<\/strong><\/li><li><strong>Bevor ihr eine Internet-Bekanntschaft an einem realen Ort trefft, sagt euren Eltern Bescheid und nehmt eine Freundin oder einen Freund mit!<\/strong><\/li><li><strong>Wenn jemand im Netz Kontakt zu euch aufnimmt und verlangt, es keinem&nbsp;weiterzuerz\u00e4hlen, dann sollte eure Antenne ausfahren &#8211; informiert eure Eltern oder eine Person eures&nbsp;Vertrauens!<\/strong><\/li><\/ol>\n","protected":false},"excerpt":{"rendered":"<p>Die DGG unterst\u00fctzt und begleitet seit vielen Jahren theoretisch und praktisch die bundesweiten Veranstaltungen und die digitale Kampagne. Al Der<\/p>\n","protected":false},"author":2,"featured_media":0,"comment_status":"closed","ping_status":"open","sticky":false,"template":"","format":"standard","meta":{"footnotes":""},"categories":[1],"tags":[],"class_list":["post-1136","post","type-post","status-publish","format-standard","hentry","category-allgemein"],"_links":{"self":[{"href":"http:\/\/dgg-ev-bonn.de\/index.php\/wp-json\/wp\/v2\/posts\/1136","targetHints":{"allow":["GET"]}}],"collection":[{"href":"http:\/\/dgg-ev-bonn.de\/index.php\/wp-json\/wp\/v2\/posts"}],"about":[{"href":"http:\/\/dgg-ev-bonn.de\/index.php\/wp-json\/wp\/v2\/types\/post"}],"author":[{"embeddable":true,"href":"http:\/\/dgg-ev-bonn.de\/index.php\/wp-json\/wp\/v2\/users\/2"}],"replies":[{"embeddable":true,"href":"http:\/\/dgg-ev-bonn.de\/index.php\/wp-json\/wp\/v2\/comments?post=1136"}],"version-history":[{"count":3,"href":"http:\/\/dgg-ev-bonn.de\/index.php\/wp-json\/wp\/v2\/posts\/1136\/revisions"}],"predecessor-version":[{"id":1147,"href":"http:\/\/dgg-ev-bonn.de\/index.php\/wp-json\/wp\/v2\/posts\/1136\/revisions\/1147"}],"wp:attachment":[{"href":"http:\/\/dgg-ev-bonn.de\/index.php\/wp-json\/wp\/v2\/media?parent=1136"}],"wp:term":[{"taxonomy":"category","embeddable":true,"href":"http:\/\/dgg-ev-bonn.de\/index.php\/wp-json\/wp\/v2\/categories?post=1136"},{"taxonomy":"post_tag","embeddable":true,"href":"http:\/\/dgg-ev-bonn.de\/index.php\/wp-json\/wp\/v2\/tags?post=1136"}],"curies":[{"name":"wp","href":"https:\/\/api.w.org\/{rel}","templated":true}]}}